{"id":459,"date":"2025-05-14T11:55:38","date_gmt":"2025-05-14T09:55:38","guid":{"rendered":"https:\/\/abef-nd.org\/web\/?p=459"},"modified":"2025-05-14T12:18:12","modified_gmt":"2025-05-14T10:18:12","slug":"appel-a-candidature-pour-le-recrutement-dun-e-project-manager-pour-le-projet-promis-2","status":"publish","type":"post","link":"https:\/\/abef-nd.org\/web\/2025\/05\/14\/appel-a-candidature-pour-le-recrutement-dun-e-project-manager-pour-le-projet-promis-2\/","title":{"rendered":"APPEL A CANDIDATURE POUR LE RECRUTEMENT D\u2019UN (E) PROJECT MANAGER POUR LE PROJET PROMIS-2"},"content":{"rendered":"\n<ol style=\"list-style-type:upper-roman\" class=\"wp-block-list\">\n<li><strong>Titre<\/strong> <strong>du poste<\/strong> &nbsp;&nbsp;&nbsp;&nbsp;&nbsp; : <strong>PROJECT MANAGER (1)<\/strong><\/li>\n\n\n\n<li><strong>Titre du projet&nbsp; : Programme de mise \u00e0 l\u2019\u00e9chelle de la Planification Familiale en RD Congo \u00ab PROMIS-PF \u00bb Phase 2<\/strong><\/li>\n\n\n\n<li><strong>Localisation du projet : Kinshasa, Kasa\u00ef Oriental, Tshopo, Haut Katanga Et Equateur.<\/strong><\/li>\n\n\n\n<li><strong>Lieu d\u2019affectation : KINSHASA<\/strong><\/li>\n\n\n\n<li><strong>Dur\u00e9e du contrat&nbsp; : 1 ann\u00e9e renouvelable<\/strong><\/li>\n\n\n\n<li><strong>Avis de Vacance n\u00b0 : 01\/PROMIS-2\/CAFI-FONARED\/ABEF-ND\/2025<\/strong><\/li>\n\n\n\n<li><strong>Date de cl\u00f4ture de la publication : 23 mai&nbsp; 2025<\/strong><\/li>\n\n\n\n<li><strong>Date d\u2019entr\u00e9e en fonction &nbsp;&nbsp;&nbsp;&nbsp;: Imm\u00e9diate<\/strong><\/li>\n<\/ol>\n\n\n\n<p>&nbsp;&nbsp;&nbsp;&nbsp;&nbsp; <strong>I.<\/strong><strong> &nbsp;&nbsp;&nbsp;&nbsp;&nbsp;&nbsp;&nbsp;&nbsp;&nbsp;&nbsp; <\/strong><strong>CONTEXTE ET JUSTIFICATION<\/strong><\/p>\n\n\n\n<p>Le projet PROMIS 2 (2024\u20132028), mis en \u0153uvre par un consortium d\u2019ONG internationales et nationales (Tulane University, DKT International, MSI Reproductive Choices, ABEF-ND, et SANRU), intervient dans 12 provinces de la RDC avec l\u2019appui d\u2019UNOPS et d\u2019UNFPA. Align\u00e9 sur les priorit\u00e9s du gouvernement congolais, il soutient la gratuit\u00e9 de la maternit\u00e9 et l\u2019acc\u00e8s des filles \u00e0 l\u2019\u00e9ducation.<\/p>\n\n\n\n<p>PROMIS 2 cible l\u2019objectif 6 de CAFI, en mettant l\u2019accent sur l\u2019am\u00e9lioration de l\u2019acc\u00e8s \u00e0 la sant\u00e9 de la reproduction et le renforcement des services de planification familiale communautaire, conform\u00e9ment au Plan National Strat\u00e9gique de la RDC. Le Projet de Renforcement du syst\u00e8me de Sant\u00e9 &#8211; Infrastructures 2 , qui est compl\u00e9mentaire au PROMIS 2, pr\u00e9voit \u00e9galement le renforcement du syst\u00e8me de sant\u00e9 par la construction de deux CDR (Centrale de Distribution R\u00e9gionale) et la construction des b\u00e2timents pour deux \u00e9coles m\u00e9dicales existantes, ainsi qu\u2019une provision pour la r\u00e9habilitation et l\u2019\u00e9quipement d\u2019autres \u00e9coles m\u00e9dicales existantes \u00e0 la hauteur du budget disponible. Les \u00e9coles concern\u00e9es sont uniquement celles b\u00e9n\u00e9ficiant d\u2019autres interventions du Projet Promis. &nbsp;Le projet vise \u00e0 faciliter l\u2019acc\u00e8s aux services de sant\u00e9 de la reproduction tout en promouvant l\u2019autonomisation des femmes et les jeunes filles, particuli\u00e8rement dans les populations vuln\u00e9rables. Ces actions contribuent \u00e0 am\u00e9liorer la sant\u00e9 des populations, \u00e0 renforcer les opportunit\u00e9s \u00e9conomiques et \u00e0 soutenir la durabilit\u00e9 environnementale, tout en progressant vers les Objectifs de D\u00e9veloppement Durable (ODD) et le Dividende D\u00e9mographique par l\u2019\u00e9mancipation des communaut\u00e9s.<\/p>\n\n\n\n<p>C\u2019est dans ce contexte que l\u2019ABEF-ND lance cet avis d\u2019appel pour le recrutement d\u2019un Project Manager qui sera bas\u00e9 dans la ville de Kinshasa.<\/p>\n\n\n\n<p>&nbsp;&nbsp;&nbsp;&nbsp;&nbsp; <strong>II.<\/strong><strong> &nbsp;&nbsp;&nbsp;&nbsp;&nbsp;&nbsp;&nbsp;&nbsp;&nbsp;&nbsp;&nbsp; <\/strong><strong>ATTRIBUTIONS ET TACHES DU PROJECT MANAGER<\/strong><\/p>\n\n\n\n<p>Sous la supervision globale du Directeur Ex\u00e9cutif, sous la supervision directe du directeur des programmes, le Project Manager aura les attributions et t\u00e2ches comme d\u00e9crit ci-apr\u00e8s :&nbsp;<\/p>\n\n\n\n<ul class=\"wp-block-list\">\n<li>G\u00e9rer le projet sur le plan des ressources humaines, mat\u00e9rielles et financi\u00e8res ;<\/li>\n\n\n\n<li>Responsable de la planification et la mise en \u0153uvre du projet dans les 4 provinces de mise en \u0153uvre.<\/li>\n\n\n\n<li>Organiser l\u2019approvisionnement des zones de sant\u00e9 appuy\u00e9es en intrants de planification familiale et autres mat\u00e9riels ;<\/li>\n\n\n\n<li>Responsable du suivi mensuel et trimestriel des activit\u00e9s dans les zones de sant\u00e9 de mise en \u0153uvre;<\/li>\n\n\n\n<li>Repr\u00e9senter l\u2019organisation dans les r\u00e9unions&nbsp; avec les autres intervenants du consortium ;<\/li>\n\n\n\n<li>Responsable des rapportages tant programmatiques que financiers, \u00e0 ce titre il valide les rapports programmatiques et financiers avant la transmission \u00e0 l\u2019agence technique;<\/li>\n\n\n\n<li>Responsable de la transmission des diff\u00e9rents rapports \u00e0 l\u2019agence technique ;<\/li>\n\n\n\n<li>Ordonner les diff\u00e9rentes missions de suivi programmatique et suivi financier ;<\/li>\n\n\n\n<li>Valider les TDR de toutes les missions de suivi propos\u00e9 par les M&amp;E ;<\/li>\n\n\n\n<li>&nbsp;Pr\u00e9parer et diriger les r\u00e9unions de service ;<\/li>\n\n\n\n<li>Veiller \u00e0 l\u2019ex\u00e9cution des d\u00e9cisions prises en concertation avec la hi\u00e9rarchie ;<\/li>\n\n\n\n<li>Veiller \u00e0 l\u2019application des recommandations des auditeurs \u00e0 tous les niveaux ;<\/li>\n\n\n\n<li>Travailler en \u00e9troite collaboration avec le niveau interm\u00e9diaire du Minist\u00e8re en charge de la sant\u00e9 plus pr\u00e9cis\u00e9ment dans le domaine de suivi et \u00e9valuation (DPS, Coordination PNSR, le Bureau Tulane, UNFPA et DKT) ;<\/li>\n\n\n\n<li>Evaluer annuellement le personnel du projet au niveau de Kinshasa et&nbsp; des provinces ;<\/li>\n\n\n\n<li>Participer aux revues des programmes.<\/li>\n\n\n\n<li>Ex\u00e9cuter toute autre t\u00e2che lui confi\u00e9e par sa hi\u00e9rarchie.<\/li>\n<\/ul>\n\n\n\n<p>&nbsp;&nbsp;&nbsp;&nbsp;&nbsp; III. &nbsp;&nbsp;&nbsp;&nbsp;&nbsp;&nbsp;&nbsp;&nbsp; &nbsp;<strong>PROFIL ET COMPETENCES<\/strong><\/p>\n\n\n\n<ul class=\"wp-block-list\">\n<li>Avoir un Dipl\u00f4me Universitaire d\u2019au moins BAC+5 dans les sciences de la Sant\u00e9 (M\u00e9decine, Sant\u00e9 publique, Sciences Infirmi\u00e8res, Pharmacie), statistiques, d\u00e9mographie, sciences sociales ou domaines connexes, ou une exp\u00e9rience \u00e9quivalente dans le domaine de gestion des Projets d\u2019au moins 5 ans ;<\/li>\n\n\n\n<li>Avoir une exp\u00e9rience d\u2019au moins 5 ans dans un poste similaire ;<\/li>\n\n\n\n<li>Avoir l\u2019attitude positive et la capacit\u00e9 \u00e0 travailler en \u00e9quipe et respecter les opinions des autres ;<\/li>\n\n\n\n<li>Avoir la Maitrise des outils informatiques (Word, Excel, Power Point, logiciels de traitement et analyse des donn\u00e9es : DHIS2, \u2026) ;<\/li>\n\n\n\n<li>Avoir une bonne expression orale et \u00e9crite en Fran\u00e7ais, l\u2019Anglais est un atout ;<\/li>\n\n\n\n<li>Avoir les comp\u00e9tences d\u2019analyse et la prise de d\u00e9cision ;<\/li>\n\n\n\n<li>\u00catre efficace avec excellente attention aux d\u00e9tails et \u00eatre capable de g\u00e9rer et prioriser plusieurs taches, \u00e0 prendre des initiatives et \u00e0 r\u00e9soudre des probl\u00e8mes ;<\/li>\n\n\n\n<li>Avoir d\u2019excellentes capacit\u00e9s d\u2019\u00e9laboration des rapports ;&nbsp;<\/li>\n\n\n\n<li>Avoir une capacit\u00e9 d\u2019\u00e9tablir des bonnes relations de travail avec les coll\u00e8gues et les Partenaires.<\/li>\n<\/ul>\n\n\n\n<p>&nbsp;&nbsp;&nbsp;&nbsp;&nbsp;&nbsp; <strong>IV.<\/strong><strong> &nbsp;&nbsp;&nbsp;&nbsp;&nbsp;&nbsp;&nbsp; <\/strong><strong>EXIGENCES DU POSTE<\/strong> <strong>&nbsp;<\/strong><\/p>\n\n\n\n<ul class=\"wp-block-list\">\n<li>\u00catre de nationalit\u00e9 congolaise ;<\/li>\n\n\n\n<li>\u00catre de bonne moralit\u00e9 et \u00e9thique ;<\/li>\n\n\n\n<li>\u00catre disponible d\u00e8s que choisi (e) pour toute la p\u00e9riode du contrat ;<\/li>\n\n\n\n<li>\u00catre capable de travailler sous pression ;<\/li>\n\n\n\n<li>Aptitude \u00e0 travailler dans le cadre d&rsquo;une \u00e9quipe pluridisciplinaire, multiculturelle et multiraciale sans discrimination ;<\/li>\n\n\n\n<li>\u00catre disponible \u00e0 suivre un horaire de travail compatible avec les exigences du poste qui n\u00e9cessitent de travailler sous pression et d\u2019effectuer souvent des descentes sur terrain.<\/li>\n<\/ul>\n\n\n\n<p><strong>V.<\/strong><strong> <\/strong><strong>COMPOSITION DU DOSSIER DE CANDIDATURE (OBLIGATOIRE)<\/strong><\/p>\n\n\n\n<ul class=\"wp-block-list\">\n<li>Lettre de motivation adress\u00e9e \u00e0 Monsieur le Directeur Ex\u00e9cutif de l\u2019ABEF &#8211; ND. \uf0a7<\/li>\n\n\n\n<li>Curriculum Vitae avec 3 personnes de r\u00e9f\u00e9rence. \uf0a7<\/li>\n\n\n\n<li>Photocopie des Dipl\u00f4mes et\/ou, Attestations tenant lieu ;<\/li>\n\n\n\n<li>Attestation de nationalit\u00e9, photocopie du passeport ou de la carte \u00e9lecteur.<\/li>\n<\/ul>\n\n\n\n<p><strong><u>NB :<\/u><\/strong><strong> Le dossier est \u00e0 soumettre sous plis ferm\u00e9 \u00e0 Monsieur le Directeur Ex\u00e9cutif de l\u2019ABEF-ND. L\u2019objet portera la mention : Candidature au poste n\u00b0 01\/PROMIS-2\/CAFI-FONARED\/ABEF-ND\/2025<\/strong><\/p>\n\n\n\n<p><strong>&nbsp;(mentionnez le n\u00b0 de l\u2019avis de vacance et le Titre du poste : \u00ab PROJECT MANAGER \u00bb). L\u2019enveloppe sera anonyme et portera la mention suivante :<\/strong><\/p>\n\n\n\n<ul class=\"wp-block-list\">\n<li><strong>A Monsieur le Directeur Ex\u00e9cutif ABEF &#8211; ND en RDC<\/strong><\/li>\n\n\n\n<li><strong>N\u00b0741 Av Tropique Quartier R\u00e9sidentiel Commune de LIMETE, Kinshasa\/RDC&nbsp;<\/strong><\/li>\n\n\n\n<li><strong>Avis de vacances N\u00b0<\/strong> <strong>01\/PROMIS 2\/CAFI-FONARED\/ABEF-ND\/2025<\/strong><\/li>\n<\/ul>\n\n\n\n<p><strong>VI. DELAI ET LIEUX DU DEPOT<\/strong><\/p>\n\n\n\n<p>Les dossiers des candidatures peuvent \u00eatre d\u00e9pos\u00e9s :<\/p>\n\n\n\n<p><strong>1\u00b0) au Secr\u00e9tariat de la Direction Ex\u00e9cutive de l\u2019ABEF-ND, au plus tard le 23 mai 2025 \u00e0 16 h00 \u00e0 l\u2019adresse ci-apr\u00e8s :<\/strong><\/p>\n\n\n\n<ul class=\"wp-block-list\">\n<li><strong>N\u00b0741 Av Tropique Quartier R\u00e9sidentiel Commune de LIMETE, Kinshasa\/RDC<\/strong>&nbsp;<\/li>\n<\/ul>\n\n\n\n<p><strong>2\u00b0) ou soit par E-mail \u00e0 l\u2019adresse suivante : <\/strong><strong><u>abef-nd@abef-nd.org<\/u><\/strong><strong><\/strong><\/p>\n\n\n\n<p><strong>Seules les candidat (e)s retenu (e)s seront convoqu\u00e9(e)s pour la suite du processus ;<\/strong><\/p>\n\n\n\n<p><strong>Les candidats qui seront retenus, se prendront en charge pour leur d\u00e9placement vers le lieu d\u2019affectation. <\/strong><strong>Les candidatures f\u00e9minines sont fortement encourag\u00e9es.<\/strong><\/p>\n\n\n\n<p><strong>NB : Pour toute information suppl\u00e9mentaire sur cette offre, les personnes int\u00e9ress\u00e9es sont pri\u00e9es de prendre contact avec l\u2019ABEF- ND.<\/strong><\/p>\n\n\n\n<ul class=\"wp-block-list\">\n<li>ABEF &#8211; ND fournit un environnement de travail qui refl\u00e8te les valeurs de l&rsquo;\u00e9galit\u00e9 de genre, du travail d&rsquo;\u00e9quipe, du respect pour la diversit\u00e9, de l&rsquo;int\u00e9grit\u00e9 et d&rsquo;une balance saine du travail et de la vie.&nbsp;&nbsp;<\/li>\n\n\n\n<li>Aucune pratique discriminatoire n\u2019est tol\u00e9r\u00e9e notamment celle fond\u00e9e sur le statut de s\u00e9rologie VIH positive des candidats.<\/li>\n\n\n\n<li>ABEF-ND est une organisation fond\u00e9e sur la d\u00e9fense des droits, elle garantit la sauvegarde et la protection des enfants, des jeunes filles et femmes, et a une tol\u00e9rance z\u00e9ro sur les VBG\/EA\/HS etc.<\/li>\n\n\n\n<li>ABEF-ND est un espace non-fumeur.<\/li>\n<\/ul>\n\n\n\n<p>Le d\u00e9p\u00f4t de candidature n\u2019entraine aucun frais pour les candidats et nul ne saurait exiger un quelconque paiement li\u00e9 \u00e0 la soumission de candidature.&nbsp;&nbsp;&nbsp;&nbsp;&nbsp;&nbsp;&nbsp;&nbsp;&nbsp;&nbsp;&nbsp;&nbsp;&nbsp;&nbsp;&nbsp;&nbsp;&nbsp;&nbsp;&nbsp;&nbsp;&nbsp;&nbsp;&nbsp;&nbsp;&nbsp;&nbsp;&nbsp;&nbsp;&nbsp;&nbsp;&nbsp;&nbsp;&nbsp;&nbsp; &nbsp;&nbsp;&nbsp;&nbsp;&nbsp;&nbsp;&nbsp;&nbsp;&nbsp;&nbsp;&nbsp;&nbsp;&nbsp;&nbsp;&nbsp;&nbsp;&nbsp;&nbsp;&nbsp;&nbsp;&nbsp;&nbsp;&nbsp;<\/p>\n\n\n\n<p>Fait \u00e0 Kinshasa, le 06\/05\/2025. <strong>&nbsp;&nbsp;&nbsp;<\/strong><\/p>\n\n\n\n<p><strong>Tony MAYAWULA MAYAKI, MDH<\/strong> <\/p>\n\n\n\n<p><strong>&nbsp;Directeur Ex\u00e9cutif ai<\/strong><\/p>\n\n\n\n<figure class=\"wp-block-image size-full is-resized\"><img decoding=\"async\" width=\"245\" height=\"89\" src=\"https:\/\/abef-nd.org\/web\/wp-content\/uploads\/2025\/05\/1-Signature-D.E-Tony.jpg\" alt=\"\" class=\"wp-image-465\" style=\"width:173px;height:auto\"\/><\/figure>\n\n\n\n<figure class=\"wp-block-image size-full is-resized\"><img fetchpriority=\"high\" decoding=\"async\" width=\"403\" height=\"394\" src=\"https:\/\/abef-nd.org\/web\/wp-content\/uploads\/2025\/05\/cachet-ABEF-ND-1.jpg\" alt=\"\" class=\"wp-image-462\" style=\"width:161px;height:auto\" srcset=\"https:\/\/abef-nd.org\/web\/wp-content\/uploads\/2025\/05\/cachet-ABEF-ND-1.jpg 403w, https:\/\/abef-nd.org\/web\/wp-content\/uploads\/2025\/05\/cachet-ABEF-ND-1-300x293.jpg 300w, https:\/\/abef-nd.org\/web\/wp-content\/uploads\/2025\/05\/cachet-ABEF-ND-1-36x36.jpg 36w\" sizes=\"(max-width: 403px) 100vw, 403px\" \/><\/figure>\n\n\n\n<p><\/p>\n","protected":false},"excerpt":{"rendered":"<p>&nbsp;&nbsp;&nbsp;&nbsp;&nbsp; I. &nbsp;&nbsp;&nbsp;&nbsp;&nbsp;&nbsp;&nbsp;&nbsp;&nbsp;&nbsp; CONTEXTE ET JUSTIFICATION Le projet PROMIS 2 (2024\u20132028), mis en \u0153uvre par un consortium d\u2019ONG internationales et nationales (Tulane University, DKT International, MSI Reproductive Choices, ABEF-ND, et SANRU), intervient dans 12 provinces de la RDC avec l\u2019appui d\u2019UNOPS et d\u2019UNFPA. Align\u00e9 sur les priorit\u00e9s du gouvernement congolais, il soutient la gratuit\u00e9 de [&hellip;]<\/p>\n","protected":false},"author":1,"featured_media":460,"comment_status":"closed","ping_status":"open","sticky":false,"template":"","format":"standard","meta":{"footnotes":""},"categories":[6],"tags":[],"class_list":["post-459","post","type-post","status-publish","format-standard","has-post-thumbnail","hentry","category-offre-demploi"],"_links":{"self":[{"href":"https:\/\/abef-nd.org\/web\/wp-json\/wp\/v2\/posts\/459","targetHints":{"allow":["GET"]}}],"collection":[{"href":"https:\/\/abef-nd.org\/web\/wp-json\/wp\/v2\/posts"}],"about":[{"href":"https:\/\/abef-nd.org\/web\/wp-json\/wp\/v2\/types\/post"}],"author":[{"embeddable":true,"href":"https:\/\/abef-nd.org\/web\/wp-json\/wp\/v2\/users\/1"}],"replies":[{"embeddable":true,"href":"https:\/\/abef-nd.org\/web\/wp-json\/wp\/v2\/comments?post=459"}],"version-history":[{"count":3,"href":"https:\/\/abef-nd.org\/web\/wp-json\/wp\/v2\/posts\/459\/revisions"}],"predecessor-version":[{"id":468,"href":"https:\/\/abef-nd.org\/web\/wp-json\/wp\/v2\/posts\/459\/revisions\/468"}],"wp:featuredmedia":[{"embeddable":true,"href":"https:\/\/abef-nd.org\/web\/wp-json\/wp\/v2\/media\/460"}],"wp:attachment":[{"href":"https:\/\/abef-nd.org\/web\/wp-json\/wp\/v2\/media?parent=459"}],"wp:term":[{"taxonomy":"category","embeddable":true,"href":"https:\/\/abef-nd.org\/web\/wp-json\/wp\/v2\/categories?post=459"},{"taxonomy":"post_tag","embeddable":true,"href":"https:\/\/abef-nd.org\/web\/wp-json\/wp\/v2\/tags?post=459"}],"curies":[{"name":"wp","href":"https:\/\/api.w.org\/{rel}","templated":true}]}}