{"id":411,"date":"2025-03-17T12:23:29","date_gmt":"2025-03-17T11:23:29","guid":{"rendered":"https:\/\/abef-nd.org\/web\/?p=411"},"modified":"2025-03-17T12:30:37","modified_gmt":"2025-03-17T11:30:37","slug":"supervision-nationale-du-projet-gc7-de-labef-nd-dans-le-kwilu","status":"publish","type":"post","link":"https:\/\/abef-nd.org\/web\/2025\/03\/17\/supervision-nationale-du-projet-gc7-de-labef-nd-dans-le-kwilu\/","title":{"rendered":"SUPERVISION NATIONALE DU PROJET GC7 DE L\u2019ABEF-ND DANS LE KWILU"},"content":{"rendered":"\n<p>La Coordination Nationale de l\u2019ABEF-ND dans le but d\u2019ex\u00e9cut\u00e9 son r\u00f4le dans l\u2019accompagnement r\u00e9gulier, le renforcement de capacit\u00e9s du Staff des Provinces ainsi qu\u2019au suivi de la mise en \u0153uvre des activit\u00e9s du projet GC7 a organis\u00e9 une mission d\u2019accompagnement du staff de Kwilu pendant la p\u00e9riode allant du 04 au 13 mars 2025.<\/p>\n\n\n\n<p>Cette mission a eu comme objectif principal : Contribuer \u00e0 l&rsquo;am\u00e9lioration de la qualit\u00e9 de la mise en \u0153uvre des interventions de la subvention du Fonds Mondial GC7 et a connu la participation de trois personnes de la coordination nationale dont le Project Manager National, le Coordonnateur M&amp;E et la Coordonnatrice des finances.<\/p>\n\n\n\n<figure class=\"wp-block-image size-large\"><img fetchpriority=\"high\" decoding=\"async\" width=\"1280\" height=\"720\" src=\"https:\/\/abef-nd.org\/web\/wp-content\/uploads\/2025\/03\/KW2-edited.jpg\" alt=\"\" class=\"wp-image-414\" srcset=\"https:\/\/abef-nd.org\/web\/wp-content\/uploads\/2025\/03\/KW2-edited.jpg 1280w, https:\/\/abef-nd.org\/web\/wp-content\/uploads\/2025\/03\/KW2-edited-300x169.jpg 300w, https:\/\/abef-nd.org\/web\/wp-content\/uploads\/2025\/03\/KW2-edited-1030x579.jpg 1030w, https:\/\/abef-nd.org\/web\/wp-content\/uploads\/2025\/03\/KW2-edited-768x432.jpg 768w, https:\/\/abef-nd.org\/web\/wp-content\/uploads\/2025\/03\/KW2-edited-705x397.jpg 705w\" sizes=\"(max-width: 1280px) 100vw, 1280px\" \/><\/figure>\n\n\n\n<p>Apr\u00e8s le processus de s\u00e9lection des nouveaux Sous R\u00e9cipiendaire (SR) pour l&rsquo;ensemble des 16 DPS que couvre cette subvention, ABEF-ND a \u00e9t\u00e9 s\u00e9lectionn\u00e9 comme SR pour les provinces du Kongo Central et le Kwilu, afin d\u2019esp\u00e9rer produire des donn\u00e9es de qualit\u00e9 et voir atteindre les objectifs fix\u00e9s.<\/p>\n\n\n\n<p>Le GC7 qui succ\u00e8de au projet Nouveau Mod\u00e8le de Financement phase 3 (NMF3), a pour objectif de r\u00e9duire la morbidit\u00e9 et la mortalit\u00e9 li\u00e9es aux trois maladies afin de pr\u00e9server les avanc\u00e9es r\u00e9alis\u00e9es au cours de la derni\u00e8re d\u00e9cennie. La mise en \u0153uvre de ces financements implique une compr\u00e9hension approfondie des aspects essentiels identifi\u00e9s dans la demande, notamment la priorisation des domaines prioritaires de sant\u00e9 dans les 16 Divisions Provinciales de la Sant\u00e9 (DPS), la d\u00e9finition des r\u00e9sultats attendus pour chaque DPS, une planification rigoureuse des activit\u00e9s et une coordination efficace entre les diff\u00e9rents acteurs impliqu\u00e9s.<\/p>\n\n\n\n<figure class=\"wp-block-image size-large\"><img decoding=\"async\" width=\"1280\" height=\"720\" src=\"https:\/\/abef-nd.org\/web\/wp-content\/uploads\/2025\/03\/kw5-edited.jpg\" alt=\"\" class=\"wp-image-420\" srcset=\"https:\/\/abef-nd.org\/web\/wp-content\/uploads\/2025\/03\/kw5-edited.jpg 1280w, https:\/\/abef-nd.org\/web\/wp-content\/uploads\/2025\/03\/kw5-edited-300x169.jpg 300w, https:\/\/abef-nd.org\/web\/wp-content\/uploads\/2025\/03\/kw5-edited-1030x579.jpg 1030w, https:\/\/abef-nd.org\/web\/wp-content\/uploads\/2025\/03\/kw5-edited-768x432.jpg 768w, https:\/\/abef-nd.org\/web\/wp-content\/uploads\/2025\/03\/kw5-edited-705x397.jpg 705w\" sizes=\"(max-width: 1280px) 100vw, 1280px\" \/><\/figure>\n\n\n\n<p>Tout cela fait suite \u00e0 l\u2019obtention par la R\u00e9publique D\u00e9mocratique du Congo (RDC), d\u2019un financement dans le cadre du 7\u00e9me cycle de financement (GC7) pour la p\u00e9riode 2024-2026. Celui-ci est align\u00e9 sur la strat\u00e9gie nationale visant \u00e0 \u00ab Combattre les pand\u00e9mies et b\u00e2tir un monde meilleur et plus \u00e9quitable \u00bb, avec pour objectif principal l&rsquo;acc\u00e9l\u00e9ration de la riposte contre le VIH\/Sida, la Tuberculose et le Paludisme, tout en renfor\u00e7ant le syst\u00e8me de sant\u00e9. L&rsquo;objectif de ce financement est de maximiser l&rsquo;impact dans la lutte contre ces trois maladies.<\/p>\n\n\n\n<p><strong>JIN<\/strong><\/p>\n","protected":false},"excerpt":{"rendered":"<p>La Coordination Nationale de l\u2019ABEF-ND dans le but d\u2019ex\u00e9cut\u00e9 son r\u00f4le dans l\u2019accompagnement r\u00e9gulier, le renforcement de capacit\u00e9s du Staff des Provinces ainsi qu\u2019au suivi de la mise en \u0153uvre des activit\u00e9s du projet GC7 a organis\u00e9 une mission d\u2019accompagnement du staff de Kwilu pendant la p\u00e9riode allant du 04 au 13 mars 2025. Cette [&hellip;]<\/p>\n","protected":false},"author":1,"featured_media":412,"comment_status":"closed","ping_status":"open","sticky":false,"template":"","format":"standard","meta":{"footnotes":""},"categories":[5],"tags":[],"class_list":["post-411","post","type-post","status-publish","format-standard","has-post-thumbnail","hentry","category-actualite"],"_links":{"self":[{"href":"https:\/\/abef-nd.org\/web\/wp-json\/wp\/v2\/posts\/411","targetHints":{"allow":["GET"]}}],"collection":[{"href":"https:\/\/abef-nd.org\/web\/wp-json\/wp\/v2\/posts"}],"about":[{"href":"https:\/\/abef-nd.org\/web\/wp-json\/wp\/v2\/types\/post"}],"author":[{"embeddable":true,"href":"https:\/\/abef-nd.org\/web\/wp-json\/wp\/v2\/users\/1"}],"replies":[{"embeddable":true,"href":"https:\/\/abef-nd.org\/web\/wp-json\/wp\/v2\/comments?post=411"}],"version-history":[{"count":2,"href":"https:\/\/abef-nd.org\/web\/wp-json\/wp\/v2\/posts\/411\/revisions"}],"predecessor-version":[{"id":421,"href":"https:\/\/abef-nd.org\/web\/wp-json\/wp\/v2\/posts\/411\/revisions\/421"}],"wp:featuredmedia":[{"embeddable":true,"href":"https:\/\/abef-nd.org\/web\/wp-json\/wp\/v2\/media\/412"}],"wp:attachment":[{"href":"https:\/\/abef-nd.org\/web\/wp-json\/wp\/v2\/media?parent=411"}],"wp:term":[{"taxonomy":"category","embeddable":true,"href":"https:\/\/abef-nd.org\/web\/wp-json\/wp\/v2\/categories?post=411"},{"taxonomy":"post_tag","embeddable":true,"href":"https:\/\/abef-nd.org\/web\/wp-json\/wp\/v2\/tags?post=411"}],"curies":[{"name":"wp","href":"https:\/\/api.w.org\/{rel}","templated":true}]}}