{"id":406,"date":"2025-03-10T16:54:48","date_gmt":"2025-03-10T15:54:48","guid":{"rendered":"https:\/\/abef-nd.org\/web\/?p=406"},"modified":"2025-03-10T16:54:57","modified_gmt":"2025-03-10T15:54:57","slug":"les-staff-abef-nd-pour-le-projet-gc7-formes-sur-la-mise-en-oeuvre-de-la-subvention-fonds-mondial-a-kikwit","status":"publish","type":"post","link":"https:\/\/abef-nd.org\/web\/2025\/03\/10\/les-staff-abef-nd-pour-le-projet-gc7-formes-sur-la-mise-en-oeuvre-de-la-subvention-fonds-mondial-a-kikwit\/","title":{"rendered":"LES STAFF ABEF-ND POUR LE PROJET GC7 FORMES SUR LA MISE EN \u0152UVRE DE LA SUBVENTION FONDS MONDIAL A KIKWIT"},"content":{"rendered":"\n<p>Les Experts de l\u2019ABEF \u2013 ND recrut\u00e9s dans le cadre du projet GC7 ont b\u00e9n\u00e9fici\u00e9 d\u2019un atelier d\u2019induction organis\u00e9 par le PR SANRU autour des activit\u00e9s appuy\u00e9es par les Fonds Mondial pour la lutte contre le Paludisme.<\/p>\n\n\n\n<p>En effet, la R\u00e9publique D\u00e9mocratique du Congo (RDC) a obtenu un financement du 7e Cycle de financement GC7 pour la p\u00e9riode 2024-2026. Ce financement est align\u00e9 sur la strat\u00e9gie nationale visant \u00e0 \u2018\u2019 Combattre les paludismes et b\u00e2tir un monde meilleur et plus \u00e9quitable\u2019 \u2019avec comme objectif principal, l\u2019acc\u00e9l\u00e9ration de la riposte contre le VIH\/Sida, la tuberculose et le paludisme tout en renfor\u00e7ant le syst\u00e8me de sant\u00e9.<\/p>\n\n\n\n<p>Apr\u00e8s le processus de s\u00e9lection des nouveaux SR pour les 16 DPS, que couvre cette subvention MALARIA, dont ABEF \u2013 ND a \u00e9t\u00e9 s\u00e9lectionn\u00e9 \u00e0 la suite d\u2019un processus comp\u00e9titif comme Sous R\u00e9cipiendaire (SR) pour la mise en \u0153uvre des subventions Malaria dans la Division Provinciale de Sant\u00e9 (DPS) du Kongo Central localis\u00e9e dans la ville de Matadi et du Kwilu localis\u00e9 dans la ville de Kikwit.<\/p>\n\n\n\n<figure class=\"wp-block-image size-large\"><img fetchpriority=\"high\" decoding=\"async\" width=\"1030\" height=\"687\" src=\"https:\/\/abef-nd.org\/web\/wp-content\/uploads\/2025\/03\/9-1030x687.jpg\" alt=\"\" class=\"wp-image-407\" srcset=\"https:\/\/abef-nd.org\/web\/wp-content\/uploads\/2025\/03\/9-1030x687.jpg 1030w, https:\/\/abef-nd.org\/web\/wp-content\/uploads\/2025\/03\/9-300x200.jpg 300w, https:\/\/abef-nd.org\/web\/wp-content\/uploads\/2025\/03\/9-768x512.jpg 768w, https:\/\/abef-nd.org\/web\/wp-content\/uploads\/2025\/03\/9-705x470.jpg 705w, https:\/\/abef-nd.org\/web\/wp-content\/uploads\/2025\/03\/9.jpg 1080w\" sizes=\"(max-width: 1030px) 100vw, 1030px\" \/><\/figure>\n\n\n\n<p>Le projet est impl\u00e9ment\u00e9 dans les trente et une (31) zones de sant\u00e9 que compte la DPS du Kongo Central et vingt-quatre (24) zones de sant\u00e9 que compte la DPS de Kwilu, le PR SANRU a programm\u00e9 une s\u00e9rie d\u2019atelier d\u2019indiction des \u00e9quipes recrut\u00e9es par ces SR responsables de la mise en \u0153uvre des activit\u00e9s sur terrain afin de construire une compr\u00e9hension commune qui va l\u2019aider \u00e0 atteindre les r\u00e9sultats attendus de cette subvention en se servant de sa longue exp\u00e9rience des financements du FM mais aussi dans la consolidation des acquis.<\/p>\n\n\n\n<p>Cet atelier de 8 jours, avait comme objectif g\u00e9n\u00e9ral de contribuer \u00e0 l\u2019am\u00e9lioration de la qualit\u00e9 de la mise en \u0153uvre des interventions de la subvention GC7 du fonds mondial en construisant une compr\u00e9hension commune et des attitudes positives pour la r\u00e9ussite de cette subvention.<\/p>\n\n\n\n<p>Il sied de signaler que cet atelier a connu la participation des \u00e9quipes de formateurs compos\u00e9e de : Manager, M&amp;E, GAS, finance et autres et a \u00e9t\u00e9 pris en charge totalement par SANRU\/FM.<\/p>\n\n\n\n<p><strong>JIN<\/strong><\/p>\n","protected":false},"excerpt":{"rendered":"<p>Les Experts de l\u2019ABEF \u2013 ND recrut\u00e9s dans le cadre du projet GC7 ont b\u00e9n\u00e9fici\u00e9 d\u2019un atelier d\u2019induction organis\u00e9 par le PR SANRU autour des activit\u00e9s appuy\u00e9es par les Fonds Mondial pour la lutte contre le Paludisme. En effet, la R\u00e9publique D\u00e9mocratique du Congo (RDC) a obtenu un financement du 7e Cycle de financement GC7 [&hellip;]<\/p>\n","protected":false},"author":1,"featured_media":408,"comment_status":"closed","ping_status":"open","sticky":false,"template":"","format":"standard","meta":{"footnotes":""},"categories":[5],"tags":[],"class_list":["post-406","post","type-post","status-publish","format-standard","has-post-thumbnail","hentry","category-actualite"],"_links":{"self":[{"href":"https:\/\/abef-nd.org\/web\/wp-json\/wp\/v2\/posts\/406","targetHints":{"allow":["GET"]}}],"collection":[{"href":"https:\/\/abef-nd.org\/web\/wp-json\/wp\/v2\/posts"}],"about":[{"href":"https:\/\/abef-nd.org\/web\/wp-json\/wp\/v2\/types\/post"}],"author":[{"embeddable":true,"href":"https:\/\/abef-nd.org\/web\/wp-json\/wp\/v2\/users\/1"}],"replies":[{"embeddable":true,"href":"https:\/\/abef-nd.org\/web\/wp-json\/wp\/v2\/comments?post=406"}],"version-history":[{"count":1,"href":"https:\/\/abef-nd.org\/web\/wp-json\/wp\/v2\/posts\/406\/revisions"}],"predecessor-version":[{"id":409,"href":"https:\/\/abef-nd.org\/web\/wp-json\/wp\/v2\/posts\/406\/revisions\/409"}],"wp:featuredmedia":[{"embeddable":true,"href":"https:\/\/abef-nd.org\/web\/wp-json\/wp\/v2\/media\/408"}],"wp:attachment":[{"href":"https:\/\/abef-nd.org\/web\/wp-json\/wp\/v2\/media?parent=406"}],"wp:term":[{"taxonomy":"category","embeddable":true,"href":"https:\/\/abef-nd.org\/web\/wp-json\/wp\/v2\/categories?post=406"},{"taxonomy":"post_tag","embeddable":true,"href":"https:\/\/abef-nd.org\/web\/wp-json\/wp\/v2\/tags?post=406"}],"curies":[{"name":"wp","href":"https:\/\/api.w.org\/{rel}","templated":true}]}}